{"id":5734,"date":"2025-09-28T10:47:48","date_gmt":"2025-09-28T08:47:48","guid":{"rendered":"https:\/\/www.kkvrhnika.si\/?p=5734"},"modified":"2025-09-28T10:47:48","modified_gmt":"2025-09-28T08:47:48","slug":"sanjski-zacetek-nove-sezone","status":"publish","type":"post","link":"https:\/\/www.kkvrhnika.si\/?p=5734","title":{"rendered":"Sanjski za\u010detek nove sezone!"},"content":{"rendered":"\n<p>KK Ipros Vrhnika : Hidria \u2013 95 : 83<\/p>\n\n\n\n<p>Po zaklju\u010dku pretekle sezone se je v klubu zgodilo kar nekaj kadrovskih sprememb. Poslovil se je dolgoletni kapetan Grega De\u017eman, ki je bil z nami v najte\u017ejih in tudi najlep\u0161ih trenutkih (naslov prvaka 3. SKL in posledi\u010dno napredovanje v 2. SKL). Za vso predanost klubu se mu iskreno zahvaljujemo!<\/p>\n\n\n\n<p>Zgodila se je zamenjava trenerskega kadra. Jako Hladnika (Hidria) je zamenjal Predrag Radovi\u0107, delo pomo\u010dnika trenerja pa opravlja njegov sin Luka. \u010ce vam priimek zveni nekoliko znano je to verjetno zato, ker ste spremljali slovensko ko\u0161arkarsko reprezentanco na zadnjem evropskem prvenstvu. Novi vrhni\u0161ki trener ima tudi sina (reprezentanta Roka Radovi\u0107a), ki je bil prisoten na prvi doma\u010di tekmi in je na\u0161im perspektivnim mladim ko\u0161arkarjem podelil klubska priznanja.<\/p>\n\n\n\n<p>Kadrovsko pa se je prevetril tudi igralski kader. Klub so zapustili Rok Savi\u0107 in Benjamin Doljac (po novem sta oba \u010dlana Hidrie) ter Mensud Julevi\u0107, ki je ponovno oblekel dres LTH Castings iz \u0160kofje Loke. K nam pa so pri\u0161li Jure Sok, Jure Li\u010den, Sini\u0161a Bili\u0107, Nejc Leben in Nejc Grajzar. Kljub novim obrazom se je hitro vzpostavila odli\u010dna kemija tako med igralci samimi kot trenerskim \u0161tabom, kar se je zelo nazorno odra\u017ealo tudi na parketu.<\/p>\n\n\n\n<p>Na prvi tekmi sezone je bila ta pozitivnost ve\u010d kot o\u010ditna. Sama tekma ni odlo\u010dala o ni\u010demer, a je kljub temu (zavoljo opisanih prestopov) nosila velik \u010dustveni naboj. Prenovljena vrhni\u0161ka ekipa&nbsp; je kazala energijo, ki smo jo sicer \u017ee dolgo pogre\u0161ali. Ta se je rezultirala v granitni obrambi, ki je v te\u017eave spravljala sicer igralsko okrepljeno in zelo izku\u0161eno ekipo Idrije.<\/p>\n\n\n\n<p>To zagnanost in nepopustljivost je za\u010dutila tudi publika, ki je borbenost vseh igralcev, ki so stopili na parket, tudi glasno podprla. Po oceni strokovnega komisarja si je tekmo ogledalo 350 gledalcev, za kar smo jim organizatorji neizmerno hvale\u017eni! Vzdu\u0161je v dvorani in tudi pred njo je bilo enkratno! Po tekmi pa se je celotna ekipa zbrala v bli\u017enjem gosti\u0161\u010du Flaj, kjer nam je novi sponzor (FLAJ Bar &amp; Snack) postregel z izvrstno kulinariko. Hvala tudi podjetju Circulum za brezhibno varovanje in seveda vsem ostalim sponzorjem, ki nam stojijo ob strani!<\/p>\n\n\n\n<p>Naslednja doma\u010da tekma bo 11.10., ko k nam prihaja ekipa iz Celja. Z &#8216;grofi&#8217; smo imeli vedno te\u017eke borbe, zato vas \u017ee sedaj vabimo na nov ko\u0161arkarski spektakel. Veseli pa bom, \u010de nas boste podprli tudi na prihodnjem gostovanju na Kodeljevem proti ekipi Slovana, kjer je ogled tekme brezpla\u010den. \u0160e enkrat hvala vsem in se kmalu vidimo!<\/p>\n\n\n\n<figure class=\"wp-block-image size-large\"><a href=\"https:\/\/www.kkvrhnika.si\/wp-content\/uploads\/2025\/09\/t3.jpg\"><img loading=\"lazy\" decoding=\"async\" width=\"1024\" height=\"768\" src=\"https:\/\/www.kkvrhnika.si\/wp-content\/uploads\/2025\/09\/t3-1024x768.jpg\" alt=\"\" class=\"wp-image-5735\" srcset=\"https:\/\/www.kkvrhnika.si\/wp-content\/uploads\/2025\/09\/t3-1024x768.jpg 1024w, https:\/\/www.kkvrhnika.si\/wp-content\/uploads\/2025\/09\/t3-300x225.jpg 300w, https:\/\/www.kkvrhnika.si\/wp-content\/uploads\/2025\/09\/t3-768x576.jpg 768w, https:\/\/www.kkvrhnika.si\/wp-content\/uploads\/2025\/09\/t3-1536x1152.jpg 1536w, https:\/\/www.kkvrhnika.si\/wp-content\/uploads\/2025\/09\/t3-350x263.jpg 350w, https:\/\/www.kkvrhnika.si\/wp-content\/uploads\/2025\/09\/t3.jpg 2040w\" sizes=\"auto, (max-width: 767px) 89vw, (max-width: 1000px) 54vw, (max-width: 1071px) 543px, 580px\" \/><\/a><\/figure>\n\n\n\n<figure class=\"wp-block-image size-large\"><a href=\"https:\/\/www.kkvrhnika.si\/wp-content\/uploads\/2025\/09\/t4.jpg\"><img loading=\"lazy\" decoding=\"async\" width=\"1024\" height=\"768\" src=\"https:\/\/www.kkvrhnika.si\/wp-content\/uploads\/2025\/09\/t4-1024x768.jpg\" alt=\"\" class=\"wp-image-5736\" srcset=\"https:\/\/www.kkvrhnika.si\/wp-content\/uploads\/2025\/09\/t4-1024x768.jpg 1024w, https:\/\/www.kkvrhnika.si\/wp-content\/uploads\/2025\/09\/t4-300x225.jpg 300w, https:\/\/www.kkvrhnika.si\/wp-content\/uploads\/2025\/09\/t4-768x576.jpg 768w, https:\/\/www.kkvrhnika.si\/wp-content\/uploads\/2025\/09\/t4-1536x1152.jpg 1536w, https:\/\/www.kkvrhnika.si\/wp-content\/uploads\/2025\/09\/t4-350x263.jpg 350w, https:\/\/www.kkvrhnika.si\/wp-content\/uploads\/2025\/09\/t4.jpg 2040w\" sizes=\"auto, (max-width: 767px) 89vw, (max-width: 1000px) 54vw, (max-width: 1071px) 543px, 580px\" \/><\/a><\/figure>\n\n\n\n<p>Rok Radovi\u0107, Miha Smrekar, Domen Vidic in Ivo Petrovi\u0107<\/p>\n\n\n\n<figure class=\"wp-block-image size-large\"><a href=\"https:\/\/www.kkvrhnika.si\/wp-content\/uploads\/2025\/09\/t2.jpg\"><img loading=\"lazy\" decoding=\"async\" width=\"768\" height=\"1024\" src=\"https:\/\/www.kkvrhnika.si\/wp-content\/uploads\/2025\/09\/t2-768x1024.jpg\" alt=\"\" class=\"wp-image-5737\" srcset=\"https:\/\/www.kkvrhnika.si\/wp-content\/uploads\/2025\/09\/t2-768x1024.jpg 768w, https:\/\/www.kkvrhnika.si\/wp-content\/uploads\/2025\/09\/t2-225x300.jpg 225w, https:\/\/www.kkvrhnika.si\/wp-content\/uploads\/2025\/09\/t2-1152x1536.jpg 1152w, https:\/\/www.kkvrhnika.si\/wp-content\/uploads\/2025\/09\/t2-350x467.jpg 350w, https:\/\/www.kkvrhnika.si\/wp-content\/uploads\/2025\/09\/t2.jpg 1530w\" sizes=\"auto, (max-width: 767px) 89vw, (max-width: 1000px) 54vw, (max-width: 1071px) 543px, 580px\" \/><\/a><\/figure>\n\n\n\n<figure class=\"wp-block-image size-large\"><a href=\"https:\/\/www.kkvrhnika.si\/wp-content\/uploads\/2025\/09\/t1.jpg\"><img loading=\"lazy\" decoding=\"async\" width=\"1024\" height=\"576\" src=\"https:\/\/www.kkvrhnika.si\/wp-content\/uploads\/2025\/09\/t1-1024x576.jpg\" alt=\"\" class=\"wp-image-5738\" srcset=\"https:\/\/www.kkvrhnika.si\/wp-content\/uploads\/2025\/09\/t1-1024x576.jpg 1024w, https:\/\/www.kkvrhnika.si\/wp-content\/uploads\/2025\/09\/t1-300x169.jpg 300w, https:\/\/www.kkvrhnika.si\/wp-content\/uploads\/2025\/09\/t1-768x432.jpg 768w, https:\/\/www.kkvrhnika.si\/wp-content\/uploads\/2025\/09\/t1-1536x864.jpg 1536w, https:\/\/www.kkvrhnika.si\/wp-content\/uploads\/2025\/09\/t1-350x197.jpg 350w, https:\/\/www.kkvrhnika.si\/wp-content\/uploads\/2025\/09\/t1.jpg 1800w\" sizes=\"auto, (max-width: 767px) 89vw, (max-width: 1000px) 54vw, (max-width: 1071px) 543px, 580px\" \/><\/a><\/figure>\n","protected":false},"excerpt":{"rendered":"<p>KK Ipros Vrhnika : Hidria \u2013 95 : 83 Po zaklju\u010dku pretekle sezone se je v klubu zgodilo kar nekaj kadrovskih sprememb. Poslovil se je dolgoletni kapetan Grega De\u017eman, ki &hellip; <\/p>\n<p class=\"link-more\"><a href=\"https:\/\/www.kkvrhnika.si\/?p=5734\" class=\"more-link\">Preberi ve\u010d<span class=\"screen-reader-text\"> &#8220;Sanjski za\u010detek nove sezone!&#8221;<\/span><\/a><\/p>\n","protected":false},"author":9,"featured_media":0,"comment_status":"closed","ping_status":"open","sticky":false,"template":"","format":"standard","meta":{"footnotes":""},"categories":[8],"tags":[],"class_list":["post-5734","post","type-post","status-publish","format-standard","hentry","category-splosno"],"_links":{"self":[{"href":"https:\/\/www.kkvrhnika.si\/index.php?rest_route=\/wp\/v2\/posts\/5734","targetHints":{"allow":["GET"]}}],"collection":[{"href":"https:\/\/www.kkvrhnika.si\/index.php?rest_route=\/wp\/v2\/posts"}],"about":[{"href":"https:\/\/www.kkvrhnika.si\/index.php?rest_route=\/wp\/v2\/types\/post"}],"author":[{"embeddable":true,"href":"https:\/\/www.kkvrhnika.si\/index.php?rest_route=\/wp\/v2\/users\/9"}],"replies":[{"embeddable":true,"href":"https:\/\/www.kkvrhnika.si\/index.php?rest_route=%2Fwp%2Fv2%2Fcomments&post=5734"}],"version-history":[{"count":1,"href":"https:\/\/www.kkvrhnika.si\/index.php?rest_route=\/wp\/v2\/posts\/5734\/revisions"}],"predecessor-version":[{"id":5739,"href":"https:\/\/www.kkvrhnika.si\/index.php?rest_route=\/wp\/v2\/posts\/5734\/revisions\/5739"}],"wp:attachment":[{"href":"https:\/\/www.kkvrhnika.si\/index.php?rest_route=%2Fwp%2Fv2%2Fmedia&parent=5734"}],"wp:term":[{"taxonomy":"category","embeddable":true,"href":"https:\/\/www.kkvrhnika.si\/index.php?rest_route=%2Fwp%2Fv2%2Fcategories&post=5734"},{"taxonomy":"post_tag","embeddable":true,"href":"https:\/\/www.kkvrhnika.si\/index.php?rest_route=%2Fwp%2Fv2%2Ftags&post=5734"}],"curies":[{"name":"wp","href":"https:\/\/api.w.org\/{rel}","templated":true}]}}